{"id":86,"date":"2017-08-17T19:53:29","date_gmt":"2017-08-17T19:53:29","guid":{"rendered":"http:\/\/www.larutanatural.cl\/?p=86"},"modified":"2017-08-17T19:53:29","modified_gmt":"2017-08-17T19:53:29","slug":"hacia-una-ruta-natural","status":"publish","type":"post","link":"http:\/\/www.larutanatural.cl\/?p=86","title":{"rendered":"Hacia una ruta natural"},"content":{"rendered":"<div id=\"attachment_88\" style=\"width: 270px\" class=\"wp-caption alignright\"><img aria-describedby=\"caption-attachment-88\" decoding=\"async\" loading=\"lazy\" src=\"http:\/\/www.larutanatural.cl\/wp-content\/uploads\/2017\/08\/pablo-baranao-columnas.jpg\" alt=\"Pablo Bara\u00f1ao, Presidente de La Ruta Natural\" width=\"260\" height=\"260\" class=\"size-full wp-image-88\" srcset=\"http:\/\/www.larutanatural.cl\/wp-content\/uploads\/2017\/08\/pablo-baranao-columnas.jpg 260w, http:\/\/www.larutanatural.cl\/wp-content\/uploads\/2017\/08\/pablo-baranao-columnas-150x150.jpg 150w\" sizes=\"(max-width: 260px) 100vw, 260px\" \/><p id=\"caption-attachment-88\" class=\"wp-caption-text\">Pablo Bara\u00f1ao, Presidente de La Ruta Natural<\/p><\/div>\n<p>Publicada en <a href=\"http:\/\/www.latercera.com\/voces\/hacia-una-ruta-natural\/\">La Tercera, 19 de julio de 2017<\/a><\/p>\n<p>A la hora de criar un ni\u00f1o, lo m\u00e1s f\u00e1cil es eliminar todo riesgo posible: prescindir de juegos f\u00edsicos, eludir cualquier posibilidad de contagio, vetar toda excursi\u00f3n exploratoria, y ni que hablar del contacto con el fuego o el mar. Pero esta inclinaci\u00f3n natural de los padres debe enfrentar aquello que est\u00e1 al otro lado de la balanza. Una educaci\u00f3n de ese tipo traer\u00eda consigo j\u00f3venes dependientes, poco creativos y carentes de iniciativa. La seguridad es un bien en s\u00ed mismo, pero si no aprendemos a balancearla con nuestros otros objetivos aplasta las otras dimensiones de la existencia. Juan Segura quiz\u00e1s vivi\u00f3 muchos a\u00f1os, pero no fueron a\u00f1os dignos de ser vividos.<\/p>\n<p>Del mismo modo, en el plano ambiental, el desaf\u00edo no es el destierro de toda actividad que genere impactos. Esa ser\u00eda la soluci\u00f3n f\u00e1cil, pero desconsiderada con quienes tienen menos. El verdadero desaf\u00edo es que cada persona pueda vivir una vida plena sin que ello atente contra la integridad de la bi\u00f3sfera. A esto lo llamamos \u201cdesarrollo sustentable\u201d, un concepto introducido en la d\u00e9cada de 1980 por el Informe Brundtland (Nuestro Futuro Com\u00fan), y recogido posteriormente por la Cumbre de R\u00edo en 1992. Es un enfoque que supedita las actividades productivas a criterios de responsabilidad ambiental, pero que a la vez toma distancia de quienes abogan por una cuasi paralizaci\u00f3n de las actividades humanas en pos de la preservaci\u00f3n.<\/p>\n<p>La sociedad civil tiende a organizarse en torno a banderas de lucha bien definidas. Por ejemplo, solemos encontrar asociaciones que batallan por los derechos de los migrantes a todo evento, y otras que defienden la causa xen\u00f3foba. Sin embargo, es dif\u00edcil suponer que quienes sostienen posiciones intermedias se organicen para marchar. \u00bfQui\u00e9n va a portar pancartas de \u201cuna migraci\u00f3n razonable y bien regulada\u201d? Posiciones moderadas como esas, aunque muchas veces mayoritarias, por lo general se encuentran dispersas a lo largo de la sociedad. Rara vez se encuentran cohesionadas en torno a instituciones capaces de aglutinarlas.<\/p>\n<p>La Fundaci\u00f3n La Ruta Natural viene a enriquecer ese espacio intermedio. A trav\u00e9s de sus tres \u00e1reas de acci\u00f3n \u2013educaci\u00f3n ambiental, pol\u00edticas p\u00fablicas y conservaci\u00f3n\u2013 queremos ofrecer un espacio de alto nivel de profesionalismo y rigor t\u00e9cnico para promover el desarrollo sustentable. Chile anhela convertirse en un pa\u00eds desarrollado y superar por primera vez en su historia el flagelo de la pobreza. Casi todos los pa\u00edses que han conseguido estas metas lo lograron en una \u00e9poca en la que arrasar bosques y exterminar la fauna era visto m\u00e1s como un triunfo del hombre sobre lo salvaje que una deuda hacia las generaciones futuras. Hoy en cambio, somos m\u00e1s de siete mil millones de personas y pisamos demasiado fuerte sobre los ecosistemas como para imitar esa senda. Necesitamos otra carta de navegaci\u00f3n, otra ruta. Una ruta natural.<\/p>\n","protected":false},"excerpt":{"rendered":"<p>Publicada en La Tercera, 19 de julio de 2017 A la hora de criar un ni\u00f1o, lo m\u00e1s f\u00e1cil es eliminar todo riesgo posible: prescindir de juegos f\u00edsicos, eludir cualquier posibilidad de contagio, vetar toda excursi\u00f3n exploratoria, y ni que hablar del contacto con el fuego o el mar. Pero esta inclinaci\u00f3n natural de los [&hellip;]<\/p>\n","protected":false},"author":2,"featured_media":0,"comment_status":"open","ping_status":"open","sticky":false,"template":"","format":"standard","meta":[],"categories":[1],"tags":[],"_links":{"self":[{"href":"http:\/\/www.larutanatural.cl\/index.php?rest_route=\/wp\/v2\/posts\/86"}],"collection":[{"href":"http:\/\/www.larutanatural.cl\/index.php?rest_route=\/wp\/v2\/posts"}],"about":[{"href":"http:\/\/www.larutanatural.cl\/index.php?rest_route=\/wp\/v2\/types\/post"}],"author":[{"embeddable":true,"href":"http:\/\/www.larutanatural.cl\/index.php?rest_route=\/wp\/v2\/users\/2"}],"replies":[{"embeddable":true,"href":"http:\/\/www.larutanatural.cl\/index.php?rest_route=%2Fwp%2Fv2%2Fcomments&post=86"}],"version-history":[{"count":3,"href":"http:\/\/www.larutanatural.cl\/index.php?rest_route=\/wp\/v2\/posts\/86\/revisions"}],"predecessor-version":[{"id":90,"href":"http:\/\/www.larutanatural.cl\/index.php?rest_route=\/wp\/v2\/posts\/86\/revisions\/90"}],"wp:attachment":[{"href":"http:\/\/www.larutanatural.cl\/index.php?rest_route=%2Fwp%2Fv2%2Fmedia&parent=86"}],"wp:term":[{"taxonomy":"category","embeddable":true,"href":"http:\/\/www.larutanatural.cl\/index.php?rest_route=%2Fwp%2Fv2%2Fcategories&post=86"},{"taxonomy":"post_tag","embeddable":true,"href":"http:\/\/www.larutanatural.cl\/index.php?rest_route=%2Fwp%2Fv2%2Ftags&post=86"}],"curies":[{"name":"wp","href":"https:\/\/api.w.org\/{rel}","templated":true}]}}